{"id":727,"date":"2016-11-27T17:39:29","date_gmt":"2016-11-27T17:39:29","guid":{"rendered":"http:\/\/www.dfdb-grosssanktnikolaus.ro\/dfdb-blog\/?p=727"},"modified":"2017-01-24T19:57:14","modified_gmt":"2017-01-24T19:57:14","slug":"adventfeier-mit-dem-abgeordneten-ovidiu-gant","status":"publish","type":"post","link":"https:\/\/www.dfdb-grosssanktnikolaus.ro\/dfdb-blog\/partnerschaft\/adventfeier-mit-dem-abgeordneten-ovidiu-gant\/","title":{"rendered":"Adventfeier mit dem Abgeordneten Ovidiu Gan\u021b"},"content":{"rendered":"<div>\n<div>Allj\u00e4hrlich findet zur Adventzeit beim Forum ein\u00a0 geselliges\u00a0 Beisammenseins bei Kaffee und Kuchen statt. Es wurden Advent-und Weihnachtslieder gesungen. Alle Beteiligten durften sich\u00a0 eine von den Kindern angefertigte ,,Papierkerze,, mit einem Wunsch f\u00fcr die Adventzeit von einem stilisierten Adventkranz abschneiden.<\/div>\n<\/div>\n<p>An der\u00a0 Adventbegegnung vom 26.11.2016 beteiligte sich auch der\u00a0 Abgeordnete des Demokratischen Forums der Deutschen in Rum\u00e4nien (DFDR), Ovidiu Gan\u021b. Es wurden angeregte Gespr\u00e4che gef\u00fchrt , wobei vor allem die Belange der deutschen Klassen aus Gro\u00dfsanktnikolaus im Mittelpunkt standen. Ovidiu Gan\u021b\u00a0 kandidierte f\u00fcr ein viertes Mandat\u00a0 als Abgeordneter\u00a0 f\u00fcr das Rum\u00e4nische Parlament .<\/p>\n<p>&nbsp;<\/p>\n<p>\n\n<div class=\"ngg-galleryoverview ngg-slideshow\"\n\t id=\"ngg-slideshow-730-2691617080\"\n     data-gallery-id=\"730\"\n     style=\"max-width: 600px; max-height: 400px;\">\n\n \t<div id=\"ngg-image-0\" class=\"ngg-gallery-slideshow-image\" style=\"height:400px\">\n\n        <a href=\"https:\/\/www.dfdb-grosssanktnikolaus.ro\/dfdb-blog\/wp-content\/gallery\/advent2016\/advent1.jpg\"\n           title=\"\"\n           data-src=\"https:\/\/www.dfdb-grosssanktnikolaus.ro\/dfdb-blog\/wp-content\/gallery\/advent2016\/advent1.jpg\"\n           data-thumbnail=\"https:\/\/www.dfdb-grosssanktnikolaus.ro\/dfdb-blog\/wp-content\/gallery\/advent2016\/thumbs\/thumbs_advent1.jpg\"\n           data-image-id=\"175\"\n           data-title=\"advent1\"\n           data-description=\"\"\n           class=\"ngg-fancybox\" rel=\"730\">\n\n            <img data-image-id='175'\n                 title=\"\"\n                 alt=\"advent1\"\n                 src=\"https:\/\/www.dfdb-grosssanktnikolaus.ro\/dfdb-blog\/wp-content\/gallery\/advent2016\/advent1.jpg\"\n                 style=\"max-height: 380px;\"\/>\n        <\/a>\n\n        <\/div> \n<div id=\"ngg-image-1\" class=\"ngg-gallery-slideshow-image\" style=\"height:400px\">\n\n        <a href=\"https:\/\/www.dfdb-grosssanktnikolaus.ro\/dfdb-blog\/wp-content\/gallery\/advent2016\/advent2.jpg\"\n           title=\"\"\n           data-src=\"https:\/\/www.dfdb-grosssanktnikolaus.ro\/dfdb-blog\/wp-content\/gallery\/advent2016\/advent2.jpg\"\n           data-thumbnail=\"https:\/\/www.dfdb-grosssanktnikolaus.ro\/dfdb-blog\/wp-content\/gallery\/advent2016\/thumbs\/thumbs_advent2.jpg\"\n           data-image-id=\"178\"\n           data-title=\"advent2\"\n           data-description=\"\"\n           class=\"ngg-fancybox\" rel=\"730\">\n\n            <img data-image-id='178'\n                 title=\"\"\n                 alt=\"advent2\"\n                 src=\"https:\/\/www.dfdb-grosssanktnikolaus.ro\/dfdb-blog\/wp-content\/gallery\/advent2016\/advent2.jpg\"\n                 style=\"max-height: 380px;\"\/>\n        <\/a>\n\n        <\/div> \n<div id=\"ngg-image-2\" class=\"ngg-gallery-slideshow-image\" style=\"height:400px\">\n\n        <a href=\"https:\/\/www.dfdb-grosssanktnikolaus.ro\/dfdb-blog\/wp-content\/gallery\/advent2016\/advent3.jpg\"\n           title=\"\"\n           data-src=\"https:\/\/www.dfdb-grosssanktnikolaus.ro\/dfdb-blog\/wp-content\/gallery\/advent2016\/advent3.jpg\"\n           data-thumbnail=\"https:\/\/www.dfdb-grosssanktnikolaus.ro\/dfdb-blog\/wp-content\/gallery\/advent2016\/thumbs\/thumbs_advent3.jpg\"\n           data-image-id=\"181\"\n           data-title=\"advent3\"\n           data-description=\"\"\n           class=\"ngg-fancybox\" rel=\"730\">\n\n            <img data-image-id='181'\n                 title=\"\"\n                 alt=\"advent3\"\n                 src=\"https:\/\/www.dfdb-grosssanktnikolaus.ro\/dfdb-blog\/wp-content\/gallery\/advent2016\/advent3.jpg\"\n                 style=\"max-height: 380px;\"\/>\n        <\/a>\n\n        <\/div> \n<div id=\"ngg-image-3\" class=\"ngg-gallery-slideshow-image\" style=\"height:400px\">\n\n        <a href=\"https:\/\/www.dfdb-grosssanktnikolaus.ro\/dfdb-blog\/wp-content\/gallery\/advent2016\/advent4.jpg\"\n           title=\"\"\n           data-src=\"https:\/\/www.dfdb-grosssanktnikolaus.ro\/dfdb-blog\/wp-content\/gallery\/advent2016\/advent4.jpg\"\n           data-thumbnail=\"https:\/\/www.dfdb-grosssanktnikolaus.ro\/dfdb-blog\/wp-content\/gallery\/advent2016\/thumbs\/thumbs_advent4.jpg\"\n           data-image-id=\"184\"\n           data-title=\"advent4\"\n           data-description=\"\"\n           class=\"ngg-fancybox\" rel=\"730\">\n\n            <img data-image-id='184'\n                 title=\"\"\n                 alt=\"advent4\"\n                 src=\"https:\/\/www.dfdb-grosssanktnikolaus.ro\/dfdb-blog\/wp-content\/gallery\/advent2016\/advent4.jpg\"\n                 style=\"max-height: 380px;\"\/>\n        <\/a>\n\n        <\/div> \n<\/div>\n\n\n\t\t<!-- Thumbnails Link -->\n\t<div class=\"slideshowlink\" style=\"max-width: 600px;\">\n        <a href='https:\/\/www.dfdb-grosssanktnikolaus.ro\/dfdb-blog\/partnerschaft\/adventfeier-mit-dem-abgeordneten-ovidiu-gant\/nggallery\/thumbnails'>[Zeige Vorschaubilder]<\/a>\n\t<\/div>\n\n<\/p>\n","protected":false},"excerpt":{"rendered":"<p>Allj\u00e4hrlich findet zur Adventzeit beim Forum ein\u00a0 geselliges\u00a0 Beisammenseins bei Kaffee und Kuchen statt. Es wurden Advent-und Weihnachtslieder gesungen. Alle Beteiligten durften sich\u00a0 eine von den Kindern angefertigte ,,Papierkerze,, mit einem Wunsch f\u00fcr die Adventzeit von einem stilisierten Adventkranz abschneiden. An der\u00a0 Adventbegegnung vom 26.11.2016 beteiligte sich auch der\u00a0 Abgeordnete des Demokratischen Forums der Deutschen [&hellip;]<\/p>\n","protected":false},"author":1,"featured_media":0,"comment_status":"open","ping_status":"open","sticky":false,"template":"","format":"standard","meta":{"ngg_post_thumbnail":0},"categories":[8],"tags":[],"_links":{"self":[{"href":"https:\/\/www.dfdb-grosssanktnikolaus.ro\/dfdb-blog\/wp-json\/wp\/v2\/posts\/727"}],"collection":[{"href":"https:\/\/www.dfdb-grosssanktnikolaus.ro\/dfdb-blog\/wp-json\/wp\/v2\/posts"}],"about":[{"href":"https:\/\/www.dfdb-grosssanktnikolaus.ro\/dfdb-blog\/wp-json\/wp\/v2\/types\/post"}],"author":[{"embeddable":true,"href":"https:\/\/www.dfdb-grosssanktnikolaus.ro\/dfdb-blog\/wp-json\/wp\/v2\/users\/1"}],"replies":[{"embeddable":true,"href":"https:\/\/www.dfdb-grosssanktnikolaus.ro\/dfdb-blog\/wp-json\/wp\/v2\/comments?post=727"}],"version-history":[{"count":1,"href":"https:\/\/www.dfdb-grosssanktnikolaus.ro\/dfdb-blog\/wp-json\/wp\/v2\/posts\/727\/revisions"}],"predecessor-version":[{"id":733,"href":"https:\/\/www.dfdb-grosssanktnikolaus.ro\/dfdb-blog\/wp-json\/wp\/v2\/posts\/727\/revisions\/733"}],"wp:attachment":[{"href":"https:\/\/www.dfdb-grosssanktnikolaus.ro\/dfdb-blog\/wp-json\/wp\/v2\/media?parent=727"}],"wp:term":[{"taxonomy":"category","embeddable":true,"href":"https:\/\/www.dfdb-grosssanktnikolaus.ro\/dfdb-blog\/wp-json\/wp\/v2\/categories?post=727"},{"taxonomy":"post_tag","embeddable":true,"href":"https:\/\/www.dfdb-grosssanktnikolaus.ro\/dfdb-blog\/wp-json\/wp\/v2\/tags?post=727"}],"curies":[{"name":"wp","href":"https:\/\/api.w.org\/{rel}","templated":true}]}}