{"id":268,"date":"2017-01-12T22:28:39","date_gmt":"2017-01-12T19:28:39","guid":{"rendered":"http:\/\/www.dfdb-grosssanktnikolaus.ro\/pfdg-blog\/?p=268"},"modified":"2017-01-24T23:12:45","modified_gmt":"2017-01-24T20:12:45","slug":"bela-bartok-denkmaeler-in-grosssanktnikolaus","status":"publish","type":"post","link":"https:\/\/www.dfdb-grosssanktnikolaus.ro\/pfdg-blog\/neuigkeiten\/bela-bartok-denkmaeler-in-grosssanktnikolaus\/","title":{"rendered":"B\u00e9la Bart\u00f3k-Denkm\u00e4ler in Gro\u00dfsanktnikolaus"},"content":{"rendered":"<p>Im Zentrum von Gro\u00dfsanktnikolaus gibt es gleich zwei Denkm\u00e4ler des ber\u00fchmtesten Sohnes der Stadt.<\/p>\n<p><a href=\"http:\/\/www.dfdb-grosssanktnikolaus.ro\/pfdg-blog\/wp-content\/uploads\/2017\/01\/BB-statue.jpg\"><img decoding=\"async\" loading=\"lazy\" class=\"alignnone size-medium wp-image-271\" src=\"http:\/\/www.dfdb-grosssanktnikolaus.ro\/pfdg-blog\/wp-content\/uploads\/2017\/01\/BB-statue-300x225.jpg\" alt=\"BB statue\" width=\"300\" height=\"225\" srcset=\"https:\/\/www.dfdb-grosssanktnikolaus.ro\/pfdg-blog\/wp-content\/uploads\/2017\/01\/BB-statue-300x225.jpg 300w, https:\/\/www.dfdb-grosssanktnikolaus.ro\/pfdg-blog\/wp-content\/uploads\/2017\/01\/BB-statue-768x576.jpg 768w, https:\/\/www.dfdb-grosssanktnikolaus.ro\/pfdg-blog\/wp-content\/uploads\/2017\/01\/BB-statue-600x450.jpg 600w, https:\/\/www.dfdb-grosssanktnikolaus.ro\/pfdg-blog\/wp-content\/uploads\/2017\/01\/BB-statue-400x300.jpg 400w, https:\/\/www.dfdb-grosssanktnikolaus.ro\/pfdg-blog\/wp-content\/uploads\/2017\/01\/BB-statue.jpg 800w\" sizes=\"(max-width: 300px) 100vw, 300px\" \/><\/a><\/p>\n<p>Die Bronzeb\u00fcste in der Victor-Babe\u0219-Stra\u00dfe wurde 1993 von dem Sohn des Musikers, B\u00e9la Bart\u00f3k jun. enth\u00fcllt und stammt von dem bekannten Temeswarer Bildhauer Jecza P\u00e9ter.<\/p>\n<p><a href=\"http:\/\/www.dfdb-grosssanktnikolaus.ro\/pfdg-blog\/wp-content\/uploads\/2017\/01\/BB-statue1.jpg\"><img decoding=\"async\" loading=\"lazy\" class=\"alignnone size-medium wp-image-274\" src=\"http:\/\/www.dfdb-grosssanktnikolaus.ro\/pfdg-blog\/wp-content\/uploads\/2017\/01\/BB-statue1-300x225.jpg\" alt=\"BB statue1\" width=\"300\" height=\"225\" srcset=\"https:\/\/www.dfdb-grosssanktnikolaus.ro\/pfdg-blog\/wp-content\/uploads\/2017\/01\/BB-statue1-300x225.jpg 300w, https:\/\/www.dfdb-grosssanktnikolaus.ro\/pfdg-blog\/wp-content\/uploads\/2017\/01\/BB-statue1-768x576.jpg 768w, https:\/\/www.dfdb-grosssanktnikolaus.ro\/pfdg-blog\/wp-content\/uploads\/2017\/01\/BB-statue1-600x450.jpg 600w, https:\/\/www.dfdb-grosssanktnikolaus.ro\/pfdg-blog\/wp-content\/uploads\/2017\/01\/BB-statue1-400x300.jpg 400w, https:\/\/www.dfdb-grosssanktnikolaus.ro\/pfdg-blog\/wp-content\/uploads\/2017\/01\/BB-statue1.jpg 800w\" sizes=\"(max-width: 300px) 100vw, 300px\" \/><\/a><\/p>\n<p>Die Statue vor dem Nak\u00f3- Kastell wurde am 4.September 2015 enth\u00fcllt und ist ein Werk des ebenfalls aus Temeswar stammenden K\u00fcnstlers Aurel Gheorghe Ardeleanu.<\/p>\n<p>Im Nak\u00f3-Kastell gibt es innerhalb des St\u00e4dtischen Museums eine Bart\u00f3k-Gedenkstube, welche aber z.Z. wegen umfassenden Renovierungsarbeiten geschlossen ist.<\/p>\n<p><a href=\"http:\/\/www.dfdb-grosssanktnikolaus.ro\/pfdg-blog\/wp-content\/uploads\/2017\/01\/BBgedenktafel.jpg\"><img decoding=\"async\" loading=\"lazy\" class=\"alignnone size-medium wp-image-277\" src=\"http:\/\/www.dfdb-grosssanktnikolaus.ro\/pfdg-blog\/wp-content\/uploads\/2017\/01\/BBgedenktafel-300x225.jpg\" alt=\"BBgedenktafel\" width=\"300\" height=\"225\" srcset=\"https:\/\/www.dfdb-grosssanktnikolaus.ro\/pfdg-blog\/wp-content\/uploads\/2017\/01\/BBgedenktafel-300x225.jpg 300w, https:\/\/www.dfdb-grosssanktnikolaus.ro\/pfdg-blog\/wp-content\/uploads\/2017\/01\/BBgedenktafel-768x576.jpg 768w, https:\/\/www.dfdb-grosssanktnikolaus.ro\/pfdg-blog\/wp-content\/uploads\/2017\/01\/BBgedenktafel-600x450.jpg 600w, https:\/\/www.dfdb-grosssanktnikolaus.ro\/pfdg-blog\/wp-content\/uploads\/2017\/01\/BBgedenktafel-400x300.jpg 400w, https:\/\/www.dfdb-grosssanktnikolaus.ro\/pfdg-blog\/wp-content\/uploads\/2017\/01\/BBgedenktafel.jpg 800w\" sizes=\"(max-width: 300px) 100vw, 300px\" \/><\/a><\/p>\n<p>In der Tiberiu-Brediceanu-Stra\u00dfe ist beim Haus mit der Nummer 3 eine Marmortafel angebracht auf der zweisprachig ( rum\u00e4nisch und ungarisch) darauf hingewiesen wird, dass dort das Haus stand, in dem B\u00e9la Bart\u00f3k geboren sein soll.<\/p>\n<p><a href=\"http:\/\/www.dfdb-grosssanktnikolaus.ro\/pfdg-blog\/wp-content\/uploads\/2017\/01\/bartok-tafel.jpg\"><img decoding=\"async\" loading=\"lazy\" class=\"alignnone size-medium wp-image-313\" src=\"http:\/\/www.dfdb-grosssanktnikolaus.ro\/pfdg-blog\/wp-content\/uploads\/2017\/01\/bartok-tafel-300x225.jpg\" alt=\"bartok tafel\" width=\"300\" height=\"225\" srcset=\"https:\/\/www.dfdb-grosssanktnikolaus.ro\/pfdg-blog\/wp-content\/uploads\/2017\/01\/bartok-tafel-300x225.jpg 300w, https:\/\/www.dfdb-grosssanktnikolaus.ro\/pfdg-blog\/wp-content\/uploads\/2017\/01\/bartok-tafel-768x576.jpg 768w, https:\/\/www.dfdb-grosssanktnikolaus.ro\/pfdg-blog\/wp-content\/uploads\/2017\/01\/bartok-tafel-600x450.jpg 600w, https:\/\/www.dfdb-grosssanktnikolaus.ro\/pfdg-blog\/wp-content\/uploads\/2017\/01\/bartok-tafel-400x300.jpg 400w, https:\/\/www.dfdb-grosssanktnikolaus.ro\/pfdg-blog\/wp-content\/uploads\/2017\/01\/bartok-tafel.jpg 800w\" sizes=\"(max-width: 300px) 100vw, 300px\" \/><\/a><\/p>\n","protected":false},"excerpt":{"rendered":"<p>Im Zentrum von Gro\u00dfsanktnikolaus gibt es gleich zwei Denkm\u00e4ler des ber\u00fchmtesten Sohnes der Stadt. Die Bronzeb\u00fcste in der Victor-Babe\u0219-Stra\u00dfe wurde 1993 von dem Sohn des Musikers, B\u00e9la Bart\u00f3k jun. enth\u00fcllt und stammt von dem bekannten Temeswarer Bildhauer Jecza P\u00e9ter. Die &hellip; <a href=\"https:\/\/www.dfdb-grosssanktnikolaus.ro\/pfdg-blog\/neuigkeiten\/bela-bartok-denkmaeler-in-grosssanktnikolaus\/\">Weiterlesen <span class=\"meta-nav\">&rarr;<\/span><\/a><\/p>\n","protected":false},"author":1,"featured_media":0,"comment_status":"open","ping_status":"open","sticky":false,"template":"","format":"standard","meta":[],"categories":[1],"tags":[],"_links":{"self":[{"href":"https:\/\/www.dfdb-grosssanktnikolaus.ro\/pfdg-blog\/wp-json\/wp\/v2\/posts\/268"}],"collection":[{"href":"https:\/\/www.dfdb-grosssanktnikolaus.ro\/pfdg-blog\/wp-json\/wp\/v2\/posts"}],"about":[{"href":"https:\/\/www.dfdb-grosssanktnikolaus.ro\/pfdg-blog\/wp-json\/wp\/v2\/types\/post"}],"author":[{"embeddable":true,"href":"https:\/\/www.dfdb-grosssanktnikolaus.ro\/pfdg-blog\/wp-json\/wp\/v2\/users\/1"}],"replies":[{"embeddable":true,"href":"https:\/\/www.dfdb-grosssanktnikolaus.ro\/pfdg-blog\/wp-json\/wp\/v2\/comments?post=268"}],"version-history":[{"count":3,"href":"https:\/\/www.dfdb-grosssanktnikolaus.ro\/pfdg-blog\/wp-json\/wp\/v2\/posts\/268\/revisions"}],"predecessor-version":[{"id":316,"href":"https:\/\/www.dfdb-grosssanktnikolaus.ro\/pfdg-blog\/wp-json\/wp\/v2\/posts\/268\/revisions\/316"}],"wp:attachment":[{"href":"https:\/\/www.dfdb-grosssanktnikolaus.ro\/pfdg-blog\/wp-json\/wp\/v2\/media?parent=268"}],"wp:term":[{"taxonomy":"category","embeddable":true,"href":"https:\/\/www.dfdb-grosssanktnikolaus.ro\/pfdg-blog\/wp-json\/wp\/v2\/categories?post=268"},{"taxonomy":"post_tag","embeddable":true,"href":"https:\/\/www.dfdb-grosssanktnikolaus.ro\/pfdg-blog\/wp-json\/wp\/v2\/tags?post=268"}],"curies":[{"name":"wp","href":"https:\/\/api.w.org\/{rel}","templated":true}]}}