{"id":352,"date":"2017-02-15T11:30:04","date_gmt":"2017-02-15T08:30:04","guid":{"rendered":"http:\/\/www.dfdb-grosssanktnikolaus.ro\/pfdg-blog\/?p=352"},"modified":"2017-02-15T11:32:36","modified_gmt":"2017-02-15T08:32:36","slug":"nachtrag-von-hans-haas-zu-grab-nr-324","status":"publish","type":"post","link":"https:\/\/www.dfdb-grosssanktnikolaus.ro\/pfdg-blog\/neuigkeiten\/nachtrag-von-hans-haas-zu-grab-nr-324\/","title":{"rendered":"Nachtrag von Hans Haas zu Grabst\u00e4tte Nr. 324"},"content":{"rendered":"<div>Hier handelt es sich um das Grab der Familie Tinnes (Tinesz), bekannt unter dem Spitznamen &#8222;Krujes&#8220;. Im unteren Teil des Grabsteins sind die Eheleute Anton R\u00f6hrich und Elisabeth R\u00f6hrich, geb. Tinesz vermerkt. Das sind die Schwiegereltern der Schwester &#8222;Liesi&#8220; (geb. 1908, verst. 1990 in Landshut) meines Vaters. Diese Schwester heiratete den Sohn dieser Eheleute R\u00f6hrich. Es ist dieser Anton R\u00f6hrich (geb. 1904, verst. 1968), welcher im Grabstein \u00fcber seinen Eltern im oberen Teil eingemeiselt ist.<\/div>\n<div><\/div>\n<div>Diese R\u00f6hrichs (bekannt als P(h)etz), wohnten in der &#8222;Schalotterporch&#8220; (heute Jorgovici-Str.) und betrieben neben Landwirtschaft mit Weinbau fr\u00fcher nebenbei auch eine kleine &#8222;Gastwirtschaft&#8220; (&#8222;Besenwirtschaft&#8220;). Das Lokal nannte man landl\u00e4ufig &#8222;Vrein&#8220;, genau wie das Lokal &#8222;Zum Gr\u00fcnen Kranze&#8220;, das man ja auch &#8222;Vrein&#8220; (von &#8222;Verein&#8220;) nannte. In meinem Buch &#8222;Dichtung und Wahrheit&#8220; habe ich dieses Lokal auch erw\u00e4hnt, denn dort fanden oft gesellschaftliche und auch fr\u00fch-politische Versammlungen f\u00fcr diesen Teil der Deutschgemeinde statt.<\/div>\n","protected":false},"excerpt":{"rendered":"<p>Hier handelt es sich um das Grab der Familie Tinnes (Tinesz), bekannt unter dem Spitznamen &#8222;Krujes&#8220;. Im unteren Teil des Grabsteins sind die Eheleute Anton R\u00f6hrich und Elisabeth R\u00f6hrich, geb. Tinesz vermerkt. Das sind die Schwiegereltern der Schwester &#8222;Liesi&#8220; (geb. &hellip; <a href=\"https:\/\/www.dfdb-grosssanktnikolaus.ro\/pfdg-blog\/neuigkeiten\/nachtrag-von-hans-haas-zu-grab-nr-324\/\">Weiterlesen <span class=\"meta-nav\">&rarr;<\/span><\/a><\/p>\n","protected":false},"author":1,"featured_media":0,"comment_status":"open","ping_status":"open","sticky":false,"template":"","format":"standard","meta":[],"categories":[1],"tags":[],"_links":{"self":[{"href":"https:\/\/www.dfdb-grosssanktnikolaus.ro\/pfdg-blog\/wp-json\/wp\/v2\/posts\/352"}],"collection":[{"href":"https:\/\/www.dfdb-grosssanktnikolaus.ro\/pfdg-blog\/wp-json\/wp\/v2\/posts"}],"about":[{"href":"https:\/\/www.dfdb-grosssanktnikolaus.ro\/pfdg-blog\/wp-json\/wp\/v2\/types\/post"}],"author":[{"embeddable":true,"href":"https:\/\/www.dfdb-grosssanktnikolaus.ro\/pfdg-blog\/wp-json\/wp\/v2\/users\/1"}],"replies":[{"embeddable":true,"href":"https:\/\/www.dfdb-grosssanktnikolaus.ro\/pfdg-blog\/wp-json\/wp\/v2\/comments?post=352"}],"version-history":[{"count":2,"href":"https:\/\/www.dfdb-grosssanktnikolaus.ro\/pfdg-blog\/wp-json\/wp\/v2\/posts\/352\/revisions"}],"predecessor-version":[{"id":358,"href":"https:\/\/www.dfdb-grosssanktnikolaus.ro\/pfdg-blog\/wp-json\/wp\/v2\/posts\/352\/revisions\/358"}],"wp:attachment":[{"href":"https:\/\/www.dfdb-grosssanktnikolaus.ro\/pfdg-blog\/wp-json\/wp\/v2\/media?parent=352"}],"wp:term":[{"taxonomy":"category","embeddable":true,"href":"https:\/\/www.dfdb-grosssanktnikolaus.ro\/pfdg-blog\/wp-json\/wp\/v2\/categories?post=352"},{"taxonomy":"post_tag","embeddable":true,"href":"https:\/\/www.dfdb-grosssanktnikolaus.ro\/pfdg-blog\/wp-json\/wp\/v2\/tags?post=352"}],"curies":[{"name":"wp","href":"https:\/\/api.w.org\/{rel}","templated":true}]}}